{"id":4639,"date":"2026-07-22T14:46:36","date_gmt":"2026-07-22T19:46:36","guid":{"rendered":"https:\/\/polonijnapielgrzymka.com\/?p=4639"},"modified":"2026-07-22T23:54:50","modified_gmt":"2026-07-23T04:54:50","slug":"ksiadz-biskup-artur-wazny-zaprasza-video","status":"publish","type":"post","link":"https:\/\/polonijnapielgrzymka.com\/en\/ksiadz-biskup-artur-wazny-zaprasza-video\/","title":{"rendered":"Ksi\u0105dz Biskup Artur Wa\u017cny zaprasza (video)"},"content":{"rendered":"<p class=\"wp-block-paragraph\">I jest s\u0142owo naszego biskupa, kt\u00f3ry zaprasza i zach\u0119ca do wsp\u00f3lnego pielgrzymowania!<\/p>\n\n\n\n<div class=\"wp-block-columns is-layout-flex wp-container-core-columns-is-layout-7387b849 wp-block-columns-is-layout-flex\">\n<div class=\"wp-block-column is-layout-flow wp-block-column-is-layout-flow\" style=\"flex-basis:25%\"><\/div>\n\n\n\n<div class=\"wp-block-column is-layout-flow wp-block-column-is-layout-flow\" style=\"flex-basis:50%\">\n<figure class=\"wp-block-video\"><video height=\"1920\" style=\"aspect-ratio: 1080 \/ 1920;\" width=\"1080\" controls src=\"https:\/\/polonijnapielgrzymka.com\/wp-content\/uploads\/2026\/07\/Captions_64E843.mp4\"><\/video><\/figure>\n<\/div>\n\n\n\n<div class=\"wp-block-column is-layout-flow wp-block-column-is-layout-flow\" style=\"flex-basis:25%\"><\/div>\n<\/div>","protected":false},"excerpt":{"rendered":"<p>I jest s\u0142owo naszego biskupa, kt\u00f3ry zaprasza i zach\u0119ca do wsp\u00f3lnego pielgrzymowania!<\/p>","protected":false},"author":3,"featured_media":4640,"comment_status":"closed","ping_status":"closed","sticky":false,"template":"","format":"standard","meta":{"footnotes":""},"categories":[1],"tags":[],"class_list":["post-4639","post","type-post","status-publish","format-standard","has-post-thumbnail","hentry","category-pielgrzymka"],"_links":{"self":[{"href":"https:\/\/polonijnapielgrzymka.com\/en\/wp-json\/wp\/v2\/posts\/4639","targetHints":{"allow":["GET"]}}],"collection":[{"href":"https:\/\/polonijnapielgrzymka.com\/en\/wp-json\/wp\/v2\/posts"}],"about":[{"href":"https:\/\/polonijnapielgrzymka.com\/en\/wp-json\/wp\/v2\/types\/post"}],"author":[{"embeddable":true,"href":"https:\/\/polonijnapielgrzymka.com\/en\/wp-json\/wp\/v2\/users\/3"}],"replies":[{"embeddable":true,"href":"https:\/\/polonijnapielgrzymka.com\/en\/wp-json\/wp\/v2\/comments?post=4639"}],"version-history":[{"count":0,"href":"https:\/\/polonijnapielgrzymka.com\/en\/wp-json\/wp\/v2\/posts\/4639\/revisions"}],"wp:featuredmedia":[{"embeddable":true,"href":"https:\/\/polonijnapielgrzymka.com\/en\/wp-json\/wp\/v2\/media\/4640"}],"wp:attachment":[{"href":"https:\/\/polonijnapielgrzymka.com\/en\/wp-json\/wp\/v2\/media?parent=4639"}],"wp:term":[{"taxonomy":"category","embeddable":true,"href":"https:\/\/polonijnapielgrzymka.com\/en\/wp-json\/wp\/v2\/categories?post=4639"},{"taxonomy":"post_tag","embeddable":true,"href":"https:\/\/polonijnapielgrzymka.com\/en\/wp-json\/wp\/v2\/tags?post=4639"}],"curies":[{"name":"wp","href":"https:\/\/api.w.org\/{rel}","templated":true}]}}